{"id":1567,"date":"2020-11-26T09:49:50","date_gmt":"2020-11-26T09:49:50","guid":{"rendered":"http:\/\/infamousdivision.com\/?p=1567"},"modified":"2020-11-26T17:26:10","modified_gmt":"2020-11-26T17:26:10","slug":"recuperant-aquella-vella-mentalitat","status":"publish","type":"post","link":"https:\/\/infamousdivision.com\/ca\/blog\/recuperant-aquella-vella-mentalitat\/","title":{"rendered":"Recuperant aquella vella mentalitat: Infamous Division x Football Workers"},"content":{"rendered":"\n<p class=\"has-medium-font-size\">Les firmes Infamous Division i Football Workers presenten la seva primera col\u00b7laboraci\u00f3<\/p>\n\n\n\n<p><strong>Les grades els cria i ells s&#8217;ajunten.<\/strong> Sembla que els rumors s\u00f3n certs, la firma t\u00e8xtil barcelonina Infamous Division i Football Workers, marca Made in Madrid amb m\u00e9s de cinc anys de recorregut, s&#8217;ajunten per portar-nos una col\u00b7laboraci\u00f3 que barreja futbol, tradici\u00f3 i carrer.<\/p>\n\n\n\n<p><strong><a href=\"http:\/\/infamousdivision.com\/ca\/producto\/vecchia-mentalita\/\">Vecchia Mentalita\u2019<\/a><\/strong> \u00e9s un homenatge a aquells valors perduts que nom\u00e9s els rom\u00e0ntics del futbol poden entendre. Una vella mentalitat, la de lluitar per un futbol popular allunyat de la mercantilitzaci\u00f3. Partits sobre camps de terra plens fins a la bandera, despla\u00e7aments en vells autobusos fins a ciutats on l\u2019afici\u00f3 rival t\u2019esperava ansiosa, derbis en qu\u00e8 la tensi\u00f3 es podia mastegar i enfrontaments on les forces de l\u2019ordre es veien sobrepassades. Valors pels quals nosaltres seguirem lluitant, perqu\u00e8 som els rebels del futbol. <\/p>\n\n\n\n<p>Aquesta col\u00b7laboraci\u00f3 es basa en la confecci\u00f3 d\u2019una samarreta d\u2019alta qualitat 100% manufacturada a Madrid. Dissenyada a Barcelona de la m\u00e0 de <strong>Bambino Design<\/strong>, i amb fotos d\u2019una de les millors c\u00e0meres del sud de la capital, <strong>La Purezza del Quartiere<\/strong>. Per\u00f2, qui s\u00f3n aquests quatre tarats (que a m\u00e9s de 600 kil\u00f2metres de dist\u00e0ncia) s\u2019han ajuntat per crear aquest producte del que us estem parlant?<\/p>\n\n\n\n<figure class=\"wp-block-image size-large\"><img decoding=\"async\" width=\"1400\" height=\"731\" src=\"http:\/\/infamousdivision.com\/wp-content\/uploads\/2020\/11\/FW2-1400x731.jpeg\" alt=\"\" class=\"wp-image-1555\" srcset=\"https:\/\/infamousdivision.com\/wp-content\/uploads\/2020\/11\/FW2-1400x731.jpeg 1400w, https:\/\/infamousdivision.com\/wp-content\/uploads\/2020\/11\/FW2-248x129.jpeg 248w, https:\/\/infamousdivision.com\/wp-content\/uploads\/2020\/11\/FW2-510x266.jpeg 510w, https:\/\/infamousdivision.com\/wp-content\/uploads\/2020\/11\/FW2-766x400.jpeg 766w, https:\/\/infamousdivision.com\/wp-content\/uploads\/2020\/11\/FW2-768x401.jpeg 768w, https:\/\/infamousdivision.com\/wp-content\/uploads\/2020\/11\/FW2-1536x802.jpeg 1536w, https:\/\/infamousdivision.com\/wp-content\/uploads\/2020\/11\/FW2.jpeg 1600w\" sizes=\"(max-width: 1400px) 100vw, 1400px\" \/><\/figure>\n\n\n\n<p><strong><a href=\"https:\/\/footballworkers.es\/\">Football Workers<\/a><\/strong> \u00e9s una marca de roba creada a Madrid l\u2019any 2015. \u201cVol\u00edem un nom senzill, clar i directe. Que aglutin\u00e9s all\u00f2 determinant en el nostre dia a dia i el que \u00e9s una pedra angular de les nostres vides. Que represent\u00e9s als que esperen ansiosos el cap de setmana per trepitjar l&#8217;estadi dels seus amors i als que apaguen rabiosos el despertador mat\u00ed despr\u00e9s mat\u00ed abans d&#8217;anar a currar\u201d. Amb m\u00e9s de cinc anys d\u2019activitat poden dir amb el cap ben alt que ho han aconseguit. Football Workers \u00e9s una marca de roba feta per gent de barri, pensada per tots aquells personatges i currelas que conten les hores perqu\u00e8 arribi el cap de setmana. Ni fet a mida.<\/p>\n\n\n\n<figure class=\"wp-block-image size-large\"><img decoding=\"async\" width=\"800\" height=\"800\" src=\"http:\/\/infamousdivision.com\/wp-content\/uploads\/2020\/11\/bambino-800x800.jpeg\" alt=\"\" class=\"wp-image-1557\" srcset=\"https:\/\/infamousdivision.com\/wp-content\/uploads\/2020\/11\/bambino-800x800.jpeg 800w, https:\/\/infamousdivision.com\/wp-content\/uploads\/2020\/11\/bambino-248x248.jpeg 248w, https:\/\/infamousdivision.com\/wp-content\/uploads\/2020\/11\/bambino-100x100.jpeg 100w, https:\/\/infamousdivision.com\/wp-content\/uploads\/2020\/11\/bambino-510x510.jpeg 510w, https:\/\/infamousdivision.com\/wp-content\/uploads\/2020\/11\/bambino-400x400.jpeg 400w, https:\/\/infamousdivision.com\/wp-content\/uploads\/2020\/11\/bambino-280x280.jpeg 280w, https:\/\/infamousdivision.com\/wp-content\/uploads\/2020\/11\/bambino-768x768.jpeg 768w, https:\/\/infamousdivision.com\/wp-content\/uploads\/2020\/11\/bambino-1536x1536.jpeg 1536w, https:\/\/infamousdivision.com\/wp-content\/uploads\/2020\/11\/bambino.jpeg 1600w\" sizes=\"(max-width: 800px) 100vw, 800px\" \/><\/figure>\n\n\n\n<p>El disseny i la composici\u00f3 art\u00edstica de la col\u00b7laboraci\u00f3 se li ha confiat a <strong><a href=\"https:\/\/www.instagram.com\/bambino_dsgn\/\">Bambino Design<\/a><\/strong>. Disseny gr\u00e0fic Made in Barcelona, amb un estil quinqui que no deixa a ning\u00fa indiferent. \u201cEl projecte neix, com no, dins d&#8217;una grada, all\u00e0 on la gent demana dissenys per a la seva marca de roba, per unes enganxines o per v\u00e9s a saber que. Darrere d&#8217;una porteria va n\u00e9ixer el que no deixa de ser un simple compte de dissenys, per\u00f2 que de mica en mica ja ha donat servei a uns quants fills de la vella mentalitat, aquella de la qual ens sentim tan part\u00edcips i que s&#8217;ha resumit en aquesta samarreta\u201d.<\/p>\n\n\n\n<figure class=\"wp-block-image size-large\"><img decoding=\"async\" width=\"533\" height=\"800\" src=\"http:\/\/infamousdivision.com\/wp-content\/uploads\/2020\/11\/fotograf-533x800.jpeg\" alt=\"\" class=\"wp-image-1559\" srcset=\"https:\/\/infamousdivision.com\/wp-content\/uploads\/2020\/11\/fotograf-533x800.jpeg 533w, https:\/\/infamousdivision.com\/wp-content\/uploads\/2020\/11\/fotograf-248x372.jpeg 248w, https:\/\/infamousdivision.com\/wp-content\/uploads\/2020\/11\/fotograf-510x765.jpeg 510w, https:\/\/infamousdivision.com\/wp-content\/uploads\/2020\/11\/fotograf-267x400.jpeg 267w, https:\/\/infamousdivision.com\/wp-content\/uploads\/2020\/11\/fotograf-768x1153.jpeg 768w, https:\/\/infamousdivision.com\/wp-content\/uploads\/2020\/11\/fotograf-1023x1536.jpeg 1023w, https:\/\/infamousdivision.com\/wp-content\/uploads\/2020\/11\/fotograf.jpeg 1066w\" sizes=\"(max-width: 533px) 100vw, 533px\" \/><\/figure>\n\n\n\n<p>Fot\u00f2grafs n\u2019hi ha molts, per\u00f2 ja sabeu que aqu\u00ed treballem amb els millors. L\u2019artista madrileny <strong><a href=\"https:\/\/www.instagram.com\/lapurezzadelquartiere\/\">La Purezza del Quartiere<\/a><\/strong> ha estat l\u2019escollit per efectuar la direcci\u00f3 fotogr\u00e0fica. \u201cLa Purezza del Quartiere va comen\u00e7ar com una forma de reunir totes les meves facetes art\u00edstiques. Des de la fotografia fins a la producci\u00f3 i direcci\u00f3 de v\u00eddeo. Passant tamb\u00e9 per la meva m\u00fasica (RAP) i els meus escrits m\u00e9s po\u00e8tics. \u00c9s una forma d&#8217;unificar tot i mostrar al m\u00f3n el que faig i el que s\u00f3c, sota aquest nom, el qual vaig treure basant-me en el per a mi m\u00e9s important a l&#8217;hora de crear art, la puresa\u201d. <\/p>\n\n\n\n<p>La Purezza del Quartiere \u00e9s, alhora que un filmmaker, una mirada ambiciosa al futur. Alhora que un fot\u00f2graf, una demostraci\u00f3 dels valors que es veuen en els barris de sud de Madrid: classe obrera, barrionalisme i antifeixisme. Alhora que un raper, un artista freelance que treballa pel seu compte dins del panorama madrileny, tant amb artistes urbans, com amb marques de roba, com amb qualsevol persona o empresa. \u201c\u00c9s la meva vida, el meu somni, la meva petita aportaci\u00f3 a l&#8217;art\u201d.<\/p>\n\n\n\n<figure class=\"wp-block-image size-large\"><img decoding=\"async\" width=\"1333\" height=\"800\" src=\"http:\/\/infamousdivision.com\/wp-content\/uploads\/2020\/11\/FW-3-1333x800.jpg\" alt=\"\" class=\"wp-image-1565\" srcset=\"https:\/\/infamousdivision.com\/wp-content\/uploads\/2020\/11\/FW-3-1333x800.jpg 1333w, https:\/\/infamousdivision.com\/wp-content\/uploads\/2020\/11\/FW-3-248x149.jpg 248w, https:\/\/infamousdivision.com\/wp-content\/uploads\/2020\/11\/FW-3-510x306.jpg 510w, https:\/\/infamousdivision.com\/wp-content\/uploads\/2020\/11\/FW-3-666x400.jpg 666w, https:\/\/infamousdivision.com\/wp-content\/uploads\/2020\/11\/FW-3-768x461.jpg 768w, https:\/\/infamousdivision.com\/wp-content\/uploads\/2020\/11\/FW-3-1536x922.jpg 1536w, https:\/\/infamousdivision.com\/wp-content\/uploads\/2020\/11\/FW-3-2048x1229.jpg 2048w\" sizes=\"(max-width: 1333px) 100vw, 1333px\" \/><\/figure>\n\n\n\n<div class=\"wp-block-buttons is-layout-flex wp-block-buttons-is-layout-flex\">\n<div class=\"wp-block-button\"><a class=\"wp-block-button__link\" href=\"http:\/\/infamousdivision.com\/ca\/producto\/vecchia-mentalita\/\">Comprar samarreta<\/a><\/div>\n<\/div>\n\n\n\n<p><\/p>\n","protected":false},"excerpt":{"rendered":"<p>Les firmes Infamous Division i Football Workers presenten la seva primera col\u00b7laboraci\u00f3 Les grades els cria i ells s&#8217;ajunten. Sembla que els rumors s\u00f3n certs, la firma t\u00e8xtil barcelonina Infamous Division i Football Workers, marca Made in Madrid amb m\u00e9s de cinc anys de recorregut, s&#8217;ajunten per portar-nos una col\u00b7laboraci\u00f3 que barreja futbol, tradici\u00f3 i [&#8230;]\n","protected":false},"author":1,"featured_media":1529,"comment_status":"closed","ping_status":"closed","sticky":false,"template":"","format":"standard","meta":{"footnotes":""},"categories":[75],"tags":[],"class_list":["post-1567","post","type-post","status-publish","format-standard","has-post-thumbnail","hentry","category-general"],"yoast_head":"<!-- This site is optimized with the Yoast SEO plugin v27.4 - https:\/\/yoast.com\/product\/yoast-seo-wordpress\/ -->\n<title>Recuperant aquella vella mentalitat: Infamous Division x Football Workers - Infamous Division<\/title>\n<meta name=\"robots\" content=\"index, follow, max-snippet:-1, max-image-preview:large, max-video-preview:-1\" \/>\n<link rel=\"canonical\" href=\"https:\/\/infamousdivision.com\/ca\/blog\/recuperant-aquella-vella-mentalitat\/\" \/>\n<meta property=\"og:locale\" content=\"ca_ES\" \/>\n<meta property=\"og:type\" content=\"article\" \/>\n<meta property=\"og:title\" content=\"Recuperant aquella vella mentalitat: Infamous Division x Football Workers - Infamous Division\" \/>\n<meta property=\"og:description\" content=\"Les firmes Infamous Division i Football Workers presenten la seva primera col\u00b7laboraci\u00f3 Les grades els cria i ells s&#8217;ajunten. Sembla que els rumors s\u00f3n certs, la firma t\u00e8xtil barcelonina Infamous Division i Football Workers, marca Made in Madrid amb m\u00e9s de cinc anys de recorregut, s&#8217;ajunten per portar-nos una col\u00b7laboraci\u00f3 que barreja futbol, tradici\u00f3 i [...]\" \/>\n<meta property=\"og:url\" content=\"https:\/\/infamousdivision.com\/ca\/blog\/recuperant-aquella-vella-mentalitat\/\" \/>\n<meta property=\"og:site_name\" content=\"Infamous Division\" \/>\n<meta property=\"article:publisher\" content=\"https:\/\/www.facebook.com\/infamousdivisionbcn\" \/>\n<meta property=\"article:published_time\" content=\"2020-11-26T09:49:50+00:00\" \/>\n<meta property=\"article:modified_time\" content=\"2020-11-26T17:26:10+00:00\" \/>\n<meta property=\"og:image\" content=\"https:\/\/infamousdivision.com\/wp-content\/uploads\/2020\/11\/slider-vecchia-mentalita.jpg\" \/>\n\t<meta property=\"og:image:width\" content=\"1200\" \/>\n\t<meta property=\"og:image:height\" content=\"800\" \/>\n\t<meta property=\"og:image:type\" content=\"image\/jpeg\" \/>\n<meta name=\"author\" content=\"Infamous Division\" \/>\n<meta name=\"twitter:card\" content=\"summary_large_image\" \/>\n<script type=\"application\/ld+json\" class=\"yoast-schema-graph\">{\"@context\":\"https:\\\/\\\/schema.org\",\"@graph\":[{\"@type\":\"Article\",\"@id\":\"https:\\\/\\\/infamousdivision.com\\\/ca\\\/blog\\\/recuperant-aquella-vella-mentalitat\\\/#article\",\"isPartOf\":{\"@id\":\"https:\\\/\\\/infamousdivision.com\\\/ca\\\/blog\\\/recuperant-aquella-vella-mentalitat\\\/\"},\"author\":{\"name\":\"Infamous Division\",\"@id\":\"https:\\\/\\\/infamousdivision.com\\\/ca\\\/#\\\/schema\\\/person\\\/67bd9e6c8bafdd4967f96472e431de5c\"},\"headline\":\"Recuperant aquella vella mentalitat: Infamous Division x Football Workers\",\"datePublished\":\"2020-11-26T09:49:50+00:00\",\"dateModified\":\"2020-11-26T17:26:10+00:00\",\"mainEntityOfPage\":{\"@id\":\"https:\\\/\\\/infamousdivision.com\\\/ca\\\/blog\\\/recuperant-aquella-vella-mentalitat\\\/\"},\"wordCount\":689,\"publisher\":{\"@id\":\"https:\\\/\\\/infamousdivision.com\\\/ca\\\/#organization\"},\"image\":{\"@id\":\"https:\\\/\\\/infamousdivision.com\\\/ca\\\/blog\\\/recuperant-aquella-vella-mentalitat\\\/#primaryimage\"},\"thumbnailUrl\":\"https:\\\/\\\/infamousdivision.com\\\/wp-content\\\/uploads\\\/2020\\\/11\\\/slider-vecchia-mentalita.jpg\",\"articleSection\":[\"General\"],\"inLanguage\":\"ca\"},{\"@type\":\"WebPage\",\"@id\":\"https:\\\/\\\/infamousdivision.com\\\/ca\\\/blog\\\/recuperant-aquella-vella-mentalitat\\\/\",\"url\":\"https:\\\/\\\/infamousdivision.com\\\/ca\\\/blog\\\/recuperant-aquella-vella-mentalitat\\\/\",\"name\":\"Recuperant aquella vella mentalitat: Infamous Division x Football Workers - Infamous Division\",\"isPartOf\":{\"@id\":\"https:\\\/\\\/infamousdivision.com\\\/ca\\\/#website\"},\"primaryImageOfPage\":{\"@id\":\"https:\\\/\\\/infamousdivision.com\\\/ca\\\/blog\\\/recuperant-aquella-vella-mentalitat\\\/#primaryimage\"},\"image\":{\"@id\":\"https:\\\/\\\/infamousdivision.com\\\/ca\\\/blog\\\/recuperant-aquella-vella-mentalitat\\\/#primaryimage\"},\"thumbnailUrl\":\"https:\\\/\\\/infamousdivision.com\\\/wp-content\\\/uploads\\\/2020\\\/11\\\/slider-vecchia-mentalita.jpg\",\"datePublished\":\"2020-11-26T09:49:50+00:00\",\"dateModified\":\"2020-11-26T17:26:10+00:00\",\"breadcrumb\":{\"@id\":\"https:\\\/\\\/infamousdivision.com\\\/ca\\\/blog\\\/recuperant-aquella-vella-mentalitat\\\/#breadcrumb\"},\"inLanguage\":\"ca\",\"potentialAction\":[{\"@type\":\"ReadAction\",\"target\":[\"https:\\\/\\\/infamousdivision.com\\\/ca\\\/blog\\\/recuperant-aquella-vella-mentalitat\\\/\"]}]},{\"@type\":\"ImageObject\",\"inLanguage\":\"ca\",\"@id\":\"https:\\\/\\\/infamousdivision.com\\\/ca\\\/blog\\\/recuperant-aquella-vella-mentalitat\\\/#primaryimage\",\"url\":\"https:\\\/\\\/infamousdivision.com\\\/wp-content\\\/uploads\\\/2020\\\/11\\\/slider-vecchia-mentalita.jpg\",\"contentUrl\":\"https:\\\/\\\/infamousdivision.com\\\/wp-content\\\/uploads\\\/2020\\\/11\\\/slider-vecchia-mentalita.jpg\",\"width\":1200,\"height\":800},{\"@type\":\"BreadcrumbList\",\"@id\":\"https:\\\/\\\/infamousdivision.com\\\/ca\\\/blog\\\/recuperant-aquella-vella-mentalitat\\\/#breadcrumb\",\"itemListElement\":[{\"@type\":\"ListItem\",\"position\":1,\"name\":\"Portada\",\"item\":\"https:\\\/\\\/infamousdivision.com\\\/ca\\\/\"},{\"@type\":\"ListItem\",\"position\":2,\"name\":\"Recuperant aquella vella mentalitat: Infamous Division x Football Workers\"}]},{\"@type\":\"WebSite\",\"@id\":\"https:\\\/\\\/infamousdivision.com\\\/ca\\\/#website\",\"url\":\"https:\\\/\\\/infamousdivision.com\\\/ca\\\/\",\"name\":\"Infamous Division\",\"description\":\"Tienda de ropa casual. Creada en Barcelona. Nueva tienda anti racista ambientada en el f\u00fatbol.\",\"publisher\":{\"@id\":\"https:\\\/\\\/infamousdivision.com\\\/ca\\\/#organization\"},\"potentialAction\":[{\"@type\":\"SearchAction\",\"target\":{\"@type\":\"EntryPoint\",\"urlTemplate\":\"https:\\\/\\\/infamousdivision.com\\\/ca\\\/?s={search_term_string}\"},\"query-input\":{\"@type\":\"PropertyValueSpecification\",\"valueRequired\":true,\"valueName\":\"search_term_string\"}}],\"inLanguage\":\"ca\"},{\"@type\":\"Organization\",\"@id\":\"https:\\\/\\\/infamousdivision.com\\\/ca\\\/#organization\",\"name\":\"Infamous Division\",\"url\":\"https:\\\/\\\/infamousdivision.com\\\/ca\\\/\",\"logo\":{\"@type\":\"ImageObject\",\"inLanguage\":\"ca\",\"@id\":\"https:\\\/\\\/infamousdivision.com\\\/ca\\\/#\\\/schema\\\/logo\\\/image\\\/\",\"url\":\"http:\\\/\\\/infamousdivision.com\\\/wp-content\\\/uploads\\\/2019\\\/06\\\/logo_net_classic_1080.jpg\",\"contentUrl\":\"http:\\\/\\\/infamousdivision.com\\\/wp-content\\\/uploads\\\/2019\\\/06\\\/logo_net_classic_1080.jpg\",\"width\":1080,\"height\":1080,\"caption\":\"Infamous Division\"},\"image\":{\"@id\":\"https:\\\/\\\/infamousdivision.com\\\/ca\\\/#\\\/schema\\\/logo\\\/image\\\/\"},\"sameAs\":[\"https:\\\/\\\/www.facebook.com\\\/infamousdivisionbcn\",\"https:\\\/\\\/www.instagram.com\\\/infamousdivision\\\/\"]},{\"@type\":\"Person\",\"@id\":\"https:\\\/\\\/infamousdivision.com\\\/ca\\\/#\\\/schema\\\/person\\\/67bd9e6c8bafdd4967f96472e431de5c\",\"name\":\"Infamous Division\",\"image\":{\"@type\":\"ImageObject\",\"inLanguage\":\"ca\",\"@id\":\"https:\\\/\\\/secure.gravatar.com\\\/avatar\\\/3487e16d39db64a9ebfb93a2c1509c3db1dc35e4030d1f005f7f54c7c6f472d3?s=96&d=mm&r=g\",\"url\":\"https:\\\/\\\/secure.gravatar.com\\\/avatar\\\/3487e16d39db64a9ebfb93a2c1509c3db1dc35e4030d1f005f7f54c7c6f472d3?s=96&d=mm&r=g\",\"contentUrl\":\"https:\\\/\\\/secure.gravatar.com\\\/avatar\\\/3487e16d39db64a9ebfb93a2c1509c3db1dc35e4030d1f005f7f54c7c6f472d3?s=96&d=mm&r=g\",\"caption\":\"Infamous Division\"}}]}<\/script>\n<!-- \/ Yoast SEO plugin. -->","yoast_head_json":{"title":"Recuperant aquella vella mentalitat: Infamous Division x Football Workers - Infamous Division","robots":{"index":"index","follow":"follow","max-snippet":"max-snippet:-1","max-image-preview":"max-image-preview:large","max-video-preview":"max-video-preview:-1"},"canonical":"https:\/\/infamousdivision.com\/ca\/blog\/recuperant-aquella-vella-mentalitat\/","og_locale":"ca_ES","og_type":"article","og_title":"Recuperant aquella vella mentalitat: Infamous Division x Football Workers - Infamous Division","og_description":"Les firmes Infamous Division i Football Workers presenten la seva primera col\u00b7laboraci\u00f3 Les grades els cria i ells s&#8217;ajunten. Sembla que els rumors s\u00f3n certs, la firma t\u00e8xtil barcelonina Infamous Division i Football Workers, marca Made in Madrid amb m\u00e9s de cinc anys de recorregut, s&#8217;ajunten per portar-nos una col\u00b7laboraci\u00f3 que barreja futbol, tradici\u00f3 i [...]","og_url":"https:\/\/infamousdivision.com\/ca\/blog\/recuperant-aquella-vella-mentalitat\/","og_site_name":"Infamous Division","article_publisher":"https:\/\/www.facebook.com\/infamousdivisionbcn","article_published_time":"2020-11-26T09:49:50+00:00","article_modified_time":"2020-11-26T17:26:10+00:00","og_image":[{"width":1200,"height":800,"url":"https:\/\/infamousdivision.com\/wp-content\/uploads\/2020\/11\/slider-vecchia-mentalita.jpg","type":"image\/jpeg"}],"author":"Infamous Division","twitter_card":"summary_large_image","schema":{"@context":"https:\/\/schema.org","@graph":[{"@type":"Article","@id":"https:\/\/infamousdivision.com\/ca\/blog\/recuperant-aquella-vella-mentalitat\/#article","isPartOf":{"@id":"https:\/\/infamousdivision.com\/ca\/blog\/recuperant-aquella-vella-mentalitat\/"},"author":{"name":"Infamous Division","@id":"https:\/\/infamousdivision.com\/ca\/#\/schema\/person\/67bd9e6c8bafdd4967f96472e431de5c"},"headline":"Recuperant aquella vella mentalitat: Infamous Division x Football Workers","datePublished":"2020-11-26T09:49:50+00:00","dateModified":"2020-11-26T17:26:10+00:00","mainEntityOfPage":{"@id":"https:\/\/infamousdivision.com\/ca\/blog\/recuperant-aquella-vella-mentalitat\/"},"wordCount":689,"publisher":{"@id":"https:\/\/infamousdivision.com\/ca\/#organization"},"image":{"@id":"https:\/\/infamousdivision.com\/ca\/blog\/recuperant-aquella-vella-mentalitat\/#primaryimage"},"thumbnailUrl":"https:\/\/infamousdivision.com\/wp-content\/uploads\/2020\/11\/slider-vecchia-mentalita.jpg","articleSection":["General"],"inLanguage":"ca"},{"@type":"WebPage","@id":"https:\/\/infamousdivision.com\/ca\/blog\/recuperant-aquella-vella-mentalitat\/","url":"https:\/\/infamousdivision.com\/ca\/blog\/recuperant-aquella-vella-mentalitat\/","name":"Recuperant aquella vella mentalitat: Infamous Division x Football Workers - Infamous Division","isPartOf":{"@id":"https:\/\/infamousdivision.com\/ca\/#website"},"primaryImageOfPage":{"@id":"https:\/\/infamousdivision.com\/ca\/blog\/recuperant-aquella-vella-mentalitat\/#primaryimage"},"image":{"@id":"https:\/\/infamousdivision.com\/ca\/blog\/recuperant-aquella-vella-mentalitat\/#primaryimage"},"thumbnailUrl":"https:\/\/infamousdivision.com\/wp-content\/uploads\/2020\/11\/slider-vecchia-mentalita.jpg","datePublished":"2020-11-26T09:49:50+00:00","dateModified":"2020-11-26T17:26:10+00:00","breadcrumb":{"@id":"https:\/\/infamousdivision.com\/ca\/blog\/recuperant-aquella-vella-mentalitat\/#breadcrumb"},"inLanguage":"ca","potentialAction":[{"@type":"ReadAction","target":["https:\/\/infamousdivision.com\/ca\/blog\/recuperant-aquella-vella-mentalitat\/"]}]},{"@type":"ImageObject","inLanguage":"ca","@id":"https:\/\/infamousdivision.com\/ca\/blog\/recuperant-aquella-vella-mentalitat\/#primaryimage","url":"https:\/\/infamousdivision.com\/wp-content\/uploads\/2020\/11\/slider-vecchia-mentalita.jpg","contentUrl":"https:\/\/infamousdivision.com\/wp-content\/uploads\/2020\/11\/slider-vecchia-mentalita.jpg","width":1200,"height":800},{"@type":"BreadcrumbList","@id":"https:\/\/infamousdivision.com\/ca\/blog\/recuperant-aquella-vella-mentalitat\/#breadcrumb","itemListElement":[{"@type":"ListItem","position":1,"name":"Portada","item":"https:\/\/infamousdivision.com\/ca\/"},{"@type":"ListItem","position":2,"name":"Recuperant aquella vella mentalitat: Infamous Division x Football Workers"}]},{"@type":"WebSite","@id":"https:\/\/infamousdivision.com\/ca\/#website","url":"https:\/\/infamousdivision.com\/ca\/","name":"Infamous Division","description":"Tienda de ropa casual. Creada en Barcelona. Nueva tienda anti racista ambientada en el f\u00fatbol.","publisher":{"@id":"https:\/\/infamousdivision.com\/ca\/#organization"},"potentialAction":[{"@type":"SearchAction","target":{"@type":"EntryPoint","urlTemplate":"https:\/\/infamousdivision.com\/ca\/?s={search_term_string}"},"query-input":{"@type":"PropertyValueSpecification","valueRequired":true,"valueName":"search_term_string"}}],"inLanguage":"ca"},{"@type":"Organization","@id":"https:\/\/infamousdivision.com\/ca\/#organization","name":"Infamous Division","url":"https:\/\/infamousdivision.com\/ca\/","logo":{"@type":"ImageObject","inLanguage":"ca","@id":"https:\/\/infamousdivision.com\/ca\/#\/schema\/logo\/image\/","url":"http:\/\/infamousdivision.com\/wp-content\/uploads\/2019\/06\/logo_net_classic_1080.jpg","contentUrl":"http:\/\/infamousdivision.com\/wp-content\/uploads\/2019\/06\/logo_net_classic_1080.jpg","width":1080,"height":1080,"caption":"Infamous Division"},"image":{"@id":"https:\/\/infamousdivision.com\/ca\/#\/schema\/logo\/image\/"},"sameAs":["https:\/\/www.facebook.com\/infamousdivisionbcn","https:\/\/www.instagram.com\/infamousdivision\/"]},{"@type":"Person","@id":"https:\/\/infamousdivision.com\/ca\/#\/schema\/person\/67bd9e6c8bafdd4967f96472e431de5c","name":"Infamous Division","image":{"@type":"ImageObject","inLanguage":"ca","@id":"https:\/\/secure.gravatar.com\/avatar\/3487e16d39db64a9ebfb93a2c1509c3db1dc35e4030d1f005f7f54c7c6f472d3?s=96&d=mm&r=g","url":"https:\/\/secure.gravatar.com\/avatar\/3487e16d39db64a9ebfb93a2c1509c3db1dc35e4030d1f005f7f54c7c6f472d3?s=96&d=mm&r=g","contentUrl":"https:\/\/secure.gravatar.com\/avatar\/3487e16d39db64a9ebfb93a2c1509c3db1dc35e4030d1f005f7f54c7c6f472d3?s=96&d=mm&r=g","caption":"Infamous Division"}}]}},"_links":{"self":[{"href":"https:\/\/infamousdivision.com\/ca\/wp-json\/wp\/v2\/posts\/1567","targetHints":{"allow":["GET"]}}],"collection":[{"href":"https:\/\/infamousdivision.com\/ca\/wp-json\/wp\/v2\/posts"}],"about":[{"href":"https:\/\/infamousdivision.com\/ca\/wp-json\/wp\/v2\/types\/post"}],"author":[{"embeddable":true,"href":"https:\/\/infamousdivision.com\/ca\/wp-json\/wp\/v2\/users\/1"}],"replies":[{"embeddable":true,"href":"https:\/\/infamousdivision.com\/ca\/wp-json\/wp\/v2\/comments?post=1567"}],"version-history":[{"count":4,"href":"https:\/\/infamousdivision.com\/ca\/wp-json\/wp\/v2\/posts\/1567\/revisions"}],"predecessor-version":[{"id":1593,"href":"https:\/\/infamousdivision.com\/ca\/wp-json\/wp\/v2\/posts\/1567\/revisions\/1593"}],"wp:featuredmedia":[{"embeddable":true,"href":"https:\/\/infamousdivision.com\/ca\/wp-json\/wp\/v2\/media\/1529"}],"wp:attachment":[{"href":"https:\/\/infamousdivision.com\/ca\/wp-json\/wp\/v2\/media?parent=1567"}],"wp:term":[{"taxonomy":"category","embeddable":true,"href":"https:\/\/infamousdivision.com\/ca\/wp-json\/wp\/v2\/categories?post=1567"},{"taxonomy":"post_tag","embeddable":true,"href":"https:\/\/infamousdivision.com\/ca\/wp-json\/wp\/v2\/tags?post=1567"}],"curies":[{"name":"wp","href":"https:\/\/api.w.org\/{rel}","templated":true}]}}