{"id":503,"date":"2019-06-04T17:11:23","date_gmt":"2019-06-04T17:11:23","guid":{"rendered":"http:\/\/infamousdivision.com\/?p=503"},"modified":"2019-06-04T17:16:05","modified_gmt":"2019-06-04T17:16:05","slug":"neix-una-nova-firma-textil-creada-a-barcelona","status":"publish","type":"post","link":"https:\/\/infamousdivision.com\/ca\/blog\/neix-una-nova-firma-textil-creada-a-barcelona\/","title":{"rendered":"Neix una nova  firma t\u00e8xtil creada a Barcelona."},"content":{"rendered":"\n<p>Neix Infamous Division, una marca de productes t\u00e8xtils amb dissenys senzills on es barreja l\u2019amor per la m\u00fasica, el futbol i la ciutat de Barcelona; amb un clar missatge antiracista. Tots els productes s\u00f3n dissenyats i manufacturats a Barcelona. Materials de qualitat i atenci\u00f3 als m\u00e9s m\u00ednims detalls.<\/p>\n\n\n\n<p>La marca s\u2019estrena amb una nova p\u00e0gina web i perfils a les\nxarxes socials Facebook i Instagram. El Newsletter tamb\u00e9 \u00e9s una bona manera de\ncomunicaci\u00f3 via e-mail, on el client rebr\u00e0 un 10% de descompte a qualsevol producte\na l\u2019hora d\u2019inscriure\u2019s. <\/p>\n","protected":false},"excerpt":{"rendered":"<p>Neix Infamous Division, una marca de productes t\u00e8xtils amb dissenys senzills on es barreja l\u2019amor per la m\u00fasica, el futbol i la ciutat de Barcelona.<\/p>\n","protected":false},"author":1,"featured_media":504,"comment_status":"closed","ping_status":"closed","sticky":false,"template":"","format":"standard","meta":{"footnotes":""},"categories":[75],"tags":[],"class_list":["post-503","post","type-post","status-publish","format-standard","has-post-thumbnail","hentry","category-general"],"yoast_head":"<!-- This site is optimized with the Yoast SEO plugin v27.5 - https:\/\/yoast.com\/product\/yoast-seo-wordpress\/ -->\n<title>Neix una nova firma t\u00e8xtil creada a Barcelona. - Infamous Division<\/title>\n<meta name=\"robots\" content=\"index, follow, max-snippet:-1, max-image-preview:large, max-video-preview:-1\" \/>\n<link rel=\"canonical\" href=\"https:\/\/infamousdivision.com\/ca\/blog\/neix-una-nova-firma-textil-creada-a-barcelona\/\" \/>\n<meta property=\"og:locale\" content=\"ca_ES\" \/>\n<meta property=\"og:type\" content=\"article\" \/>\n<meta property=\"og:title\" content=\"Neix una nova firma t\u00e8xtil creada a Barcelona. - Infamous Division\" \/>\n<meta property=\"og:description\" content=\"Neix Infamous Division, una marca de productes t\u00e8xtils amb dissenys senzills on es barreja l\u2019amor per la m\u00fasica, el futbol i la ciutat de Barcelona.\" \/>\n<meta property=\"og:url\" content=\"https:\/\/infamousdivision.com\/ca\/blog\/neix-una-nova-firma-textil-creada-a-barcelona\/\" \/>\n<meta property=\"og:site_name\" content=\"Infamous Division\" \/>\n<meta property=\"article:publisher\" content=\"https:\/\/www.facebook.com\/infamousdivisionbcn\" \/>\n<meta property=\"article:published_time\" content=\"2019-06-04T17:11:23+00:00\" \/>\n<meta property=\"article:modified_time\" content=\"2019-06-04T17:16:05+00:00\" \/>\n<meta property=\"og:image\" content=\"https:\/\/infamousdivision.com\/wp-content\/uploads\/2019\/06\/logo_net_classic_1080.jpg\" \/>\n\t<meta property=\"og:image:width\" content=\"1080\" \/>\n\t<meta property=\"og:image:height\" content=\"1080\" \/>\n\t<meta property=\"og:image:type\" content=\"image\/jpeg\" \/>\n<meta name=\"author\" content=\"Infamous Division\" \/>\n<meta name=\"twitter:card\" content=\"summary_large_image\" \/>\n<script type=\"application\/ld+json\" class=\"yoast-schema-graph\">{\"@context\":\"https:\\\/\\\/schema.org\",\"@graph\":[{\"@type\":\"Article\",\"@id\":\"https:\\\/\\\/infamousdivision.com\\\/ca\\\/blog\\\/neix-una-nova-firma-textil-creada-a-barcelona\\\/#article\",\"isPartOf\":{\"@id\":\"https:\\\/\\\/infamousdivision.com\\\/ca\\\/blog\\\/neix-una-nova-firma-textil-creada-a-barcelona\\\/\"},\"author\":{\"name\":\"Infamous Division\",\"@id\":\"https:\\\/\\\/infamousdivision.com\\\/ca\\\/#\\\/schema\\\/person\\\/67bd9e6c8bafdd4967f96472e431de5c\"},\"headline\":\"Neix una nova firma t\u00e8xtil creada a Barcelona.\",\"datePublished\":\"2019-06-04T17:11:23+00:00\",\"dateModified\":\"2019-06-04T17:16:05+00:00\",\"mainEntityOfPage\":{\"@id\":\"https:\\\/\\\/infamousdivision.com\\\/ca\\\/blog\\\/neix-una-nova-firma-textil-creada-a-barcelona\\\/\"},\"wordCount\":109,\"publisher\":{\"@id\":\"https:\\\/\\\/infamousdivision.com\\\/ca\\\/#organization\"},\"image\":{\"@id\":\"https:\\\/\\\/infamousdivision.com\\\/ca\\\/blog\\\/neix-una-nova-firma-textil-creada-a-barcelona\\\/#primaryimage\"},\"thumbnailUrl\":\"https:\\\/\\\/infamousdivision.com\\\/wp-content\\\/uploads\\\/2019\\\/06\\\/logo_net_classic_1080.jpg\",\"articleSection\":[\"General\"],\"inLanguage\":\"ca\"},{\"@type\":\"WebPage\",\"@id\":\"https:\\\/\\\/infamousdivision.com\\\/ca\\\/blog\\\/neix-una-nova-firma-textil-creada-a-barcelona\\\/\",\"url\":\"https:\\\/\\\/infamousdivision.com\\\/ca\\\/blog\\\/neix-una-nova-firma-textil-creada-a-barcelona\\\/\",\"name\":\"Neix una nova firma t\u00e8xtil creada a Barcelona. - Infamous Division\",\"isPartOf\":{\"@id\":\"https:\\\/\\\/infamousdivision.com\\\/ca\\\/#website\"},\"primaryImageOfPage\":{\"@id\":\"https:\\\/\\\/infamousdivision.com\\\/ca\\\/blog\\\/neix-una-nova-firma-textil-creada-a-barcelona\\\/#primaryimage\"},\"image\":{\"@id\":\"https:\\\/\\\/infamousdivision.com\\\/ca\\\/blog\\\/neix-una-nova-firma-textil-creada-a-barcelona\\\/#primaryimage\"},\"thumbnailUrl\":\"https:\\\/\\\/infamousdivision.com\\\/wp-content\\\/uploads\\\/2019\\\/06\\\/logo_net_classic_1080.jpg\",\"datePublished\":\"2019-06-04T17:11:23+00:00\",\"dateModified\":\"2019-06-04T17:16:05+00:00\",\"breadcrumb\":{\"@id\":\"https:\\\/\\\/infamousdivision.com\\\/ca\\\/blog\\\/neix-una-nova-firma-textil-creada-a-barcelona\\\/#breadcrumb\"},\"inLanguage\":\"ca\",\"potentialAction\":[{\"@type\":\"ReadAction\",\"target\":[\"https:\\\/\\\/infamousdivision.com\\\/ca\\\/blog\\\/neix-una-nova-firma-textil-creada-a-barcelona\\\/\"]}]},{\"@type\":\"ImageObject\",\"inLanguage\":\"ca\",\"@id\":\"https:\\\/\\\/infamousdivision.com\\\/ca\\\/blog\\\/neix-una-nova-firma-textil-creada-a-barcelona\\\/#primaryimage\",\"url\":\"https:\\\/\\\/infamousdivision.com\\\/wp-content\\\/uploads\\\/2019\\\/06\\\/logo_net_classic_1080.jpg\",\"contentUrl\":\"https:\\\/\\\/infamousdivision.com\\\/wp-content\\\/uploads\\\/2019\\\/06\\\/logo_net_classic_1080.jpg\",\"width\":1080,\"height\":1080},{\"@type\":\"BreadcrumbList\",\"@id\":\"https:\\\/\\\/infamousdivision.com\\\/ca\\\/blog\\\/neix-una-nova-firma-textil-creada-a-barcelona\\\/#breadcrumb\",\"itemListElement\":[{\"@type\":\"ListItem\",\"position\":1,\"name\":\"Portada\",\"item\":\"https:\\\/\\\/infamousdivision.com\\\/ca\\\/\"},{\"@type\":\"ListItem\",\"position\":2,\"name\":\"Neix una nova firma t\u00e8xtil creada a Barcelona.\"}]},{\"@type\":\"WebSite\",\"@id\":\"https:\\\/\\\/infamousdivision.com\\\/ca\\\/#website\",\"url\":\"https:\\\/\\\/infamousdivision.com\\\/ca\\\/\",\"name\":\"Infamous Division\",\"description\":\"Tienda de ropa casual. Creada en Barcelona. Nueva tienda anti racista ambientada en el f\u00fatbol.\",\"publisher\":{\"@id\":\"https:\\\/\\\/infamousdivision.com\\\/ca\\\/#organization\"},\"potentialAction\":[{\"@type\":\"SearchAction\",\"target\":{\"@type\":\"EntryPoint\",\"urlTemplate\":\"https:\\\/\\\/infamousdivision.com\\\/ca\\\/?s={search_term_string}\"},\"query-input\":{\"@type\":\"PropertyValueSpecification\",\"valueRequired\":true,\"valueName\":\"search_term_string\"}}],\"inLanguage\":\"ca\"},{\"@type\":\"Organization\",\"@id\":\"https:\\\/\\\/infamousdivision.com\\\/ca\\\/#organization\",\"name\":\"Infamous Division\",\"url\":\"https:\\\/\\\/infamousdivision.com\\\/ca\\\/\",\"logo\":{\"@type\":\"ImageObject\",\"inLanguage\":\"ca\",\"@id\":\"https:\\\/\\\/infamousdivision.com\\\/ca\\\/#\\\/schema\\\/logo\\\/image\\\/\",\"url\":\"http:\\\/\\\/infamousdivision.com\\\/wp-content\\\/uploads\\\/2019\\\/06\\\/logo_net_classic_1080.jpg\",\"contentUrl\":\"http:\\\/\\\/infamousdivision.com\\\/wp-content\\\/uploads\\\/2019\\\/06\\\/logo_net_classic_1080.jpg\",\"width\":1080,\"height\":1080,\"caption\":\"Infamous Division\"},\"image\":{\"@id\":\"https:\\\/\\\/infamousdivision.com\\\/ca\\\/#\\\/schema\\\/logo\\\/image\\\/\"},\"sameAs\":[\"https:\\\/\\\/www.facebook.com\\\/infamousdivisionbcn\",\"https:\\\/\\\/www.instagram.com\\\/infamousdivision\\\/\"]},{\"@type\":\"Person\",\"@id\":\"https:\\\/\\\/infamousdivision.com\\\/ca\\\/#\\\/schema\\\/person\\\/67bd9e6c8bafdd4967f96472e431de5c\",\"name\":\"Infamous Division\",\"image\":{\"@type\":\"ImageObject\",\"inLanguage\":\"ca\",\"@id\":\"https:\\\/\\\/secure.gravatar.com\\\/avatar\\\/3487e16d39db64a9ebfb93a2c1509c3db1dc35e4030d1f005f7f54c7c6f472d3?s=96&d=mm&r=g\",\"url\":\"https:\\\/\\\/secure.gravatar.com\\\/avatar\\\/3487e16d39db64a9ebfb93a2c1509c3db1dc35e4030d1f005f7f54c7c6f472d3?s=96&d=mm&r=g\",\"contentUrl\":\"https:\\\/\\\/secure.gravatar.com\\\/avatar\\\/3487e16d39db64a9ebfb93a2c1509c3db1dc35e4030d1f005f7f54c7c6f472d3?s=96&d=mm&r=g\",\"caption\":\"Infamous Division\"}}]}<\/script>\n<!-- \/ Yoast SEO plugin. -->","yoast_head_json":{"title":"Neix una nova firma t\u00e8xtil creada a Barcelona. - Infamous Division","robots":{"index":"index","follow":"follow","max-snippet":"max-snippet:-1","max-image-preview":"max-image-preview:large","max-video-preview":"max-video-preview:-1"},"canonical":"https:\/\/infamousdivision.com\/ca\/blog\/neix-una-nova-firma-textil-creada-a-barcelona\/","og_locale":"ca_ES","og_type":"article","og_title":"Neix una nova firma t\u00e8xtil creada a Barcelona. - Infamous Division","og_description":"Neix Infamous Division, una marca de productes t\u00e8xtils amb dissenys senzills on es barreja l\u2019amor per la m\u00fasica, el futbol i la ciutat de Barcelona.","og_url":"https:\/\/infamousdivision.com\/ca\/blog\/neix-una-nova-firma-textil-creada-a-barcelona\/","og_site_name":"Infamous Division","article_publisher":"https:\/\/www.facebook.com\/infamousdivisionbcn","article_published_time":"2019-06-04T17:11:23+00:00","article_modified_time":"2019-06-04T17:16:05+00:00","og_image":[{"width":1080,"height":1080,"url":"https:\/\/infamousdivision.com\/wp-content\/uploads\/2019\/06\/logo_net_classic_1080.jpg","type":"image\/jpeg"}],"author":"Infamous Division","twitter_card":"summary_large_image","schema":{"@context":"https:\/\/schema.org","@graph":[{"@type":"Article","@id":"https:\/\/infamousdivision.com\/ca\/blog\/neix-una-nova-firma-textil-creada-a-barcelona\/#article","isPartOf":{"@id":"https:\/\/infamousdivision.com\/ca\/blog\/neix-una-nova-firma-textil-creada-a-barcelona\/"},"author":{"name":"Infamous Division","@id":"https:\/\/infamousdivision.com\/ca\/#\/schema\/person\/67bd9e6c8bafdd4967f96472e431de5c"},"headline":"Neix una nova firma t\u00e8xtil creada a Barcelona.","datePublished":"2019-06-04T17:11:23+00:00","dateModified":"2019-06-04T17:16:05+00:00","mainEntityOfPage":{"@id":"https:\/\/infamousdivision.com\/ca\/blog\/neix-una-nova-firma-textil-creada-a-barcelona\/"},"wordCount":109,"publisher":{"@id":"https:\/\/infamousdivision.com\/ca\/#organization"},"image":{"@id":"https:\/\/infamousdivision.com\/ca\/blog\/neix-una-nova-firma-textil-creada-a-barcelona\/#primaryimage"},"thumbnailUrl":"https:\/\/infamousdivision.com\/wp-content\/uploads\/2019\/06\/logo_net_classic_1080.jpg","articleSection":["General"],"inLanguage":"ca"},{"@type":"WebPage","@id":"https:\/\/infamousdivision.com\/ca\/blog\/neix-una-nova-firma-textil-creada-a-barcelona\/","url":"https:\/\/infamousdivision.com\/ca\/blog\/neix-una-nova-firma-textil-creada-a-barcelona\/","name":"Neix una nova firma t\u00e8xtil creada a Barcelona. - Infamous Division","isPartOf":{"@id":"https:\/\/infamousdivision.com\/ca\/#website"},"primaryImageOfPage":{"@id":"https:\/\/infamousdivision.com\/ca\/blog\/neix-una-nova-firma-textil-creada-a-barcelona\/#primaryimage"},"image":{"@id":"https:\/\/infamousdivision.com\/ca\/blog\/neix-una-nova-firma-textil-creada-a-barcelona\/#primaryimage"},"thumbnailUrl":"https:\/\/infamousdivision.com\/wp-content\/uploads\/2019\/06\/logo_net_classic_1080.jpg","datePublished":"2019-06-04T17:11:23+00:00","dateModified":"2019-06-04T17:16:05+00:00","breadcrumb":{"@id":"https:\/\/infamousdivision.com\/ca\/blog\/neix-una-nova-firma-textil-creada-a-barcelona\/#breadcrumb"},"inLanguage":"ca","potentialAction":[{"@type":"ReadAction","target":["https:\/\/infamousdivision.com\/ca\/blog\/neix-una-nova-firma-textil-creada-a-barcelona\/"]}]},{"@type":"ImageObject","inLanguage":"ca","@id":"https:\/\/infamousdivision.com\/ca\/blog\/neix-una-nova-firma-textil-creada-a-barcelona\/#primaryimage","url":"https:\/\/infamousdivision.com\/wp-content\/uploads\/2019\/06\/logo_net_classic_1080.jpg","contentUrl":"https:\/\/infamousdivision.com\/wp-content\/uploads\/2019\/06\/logo_net_classic_1080.jpg","width":1080,"height":1080},{"@type":"BreadcrumbList","@id":"https:\/\/infamousdivision.com\/ca\/blog\/neix-una-nova-firma-textil-creada-a-barcelona\/#breadcrumb","itemListElement":[{"@type":"ListItem","position":1,"name":"Portada","item":"https:\/\/infamousdivision.com\/ca\/"},{"@type":"ListItem","position":2,"name":"Neix una nova firma t\u00e8xtil creada a Barcelona."}]},{"@type":"WebSite","@id":"https:\/\/infamousdivision.com\/ca\/#website","url":"https:\/\/infamousdivision.com\/ca\/","name":"Infamous Division","description":"Tienda de ropa casual. Creada en Barcelona. Nueva tienda anti racista ambientada en el f\u00fatbol.","publisher":{"@id":"https:\/\/infamousdivision.com\/ca\/#organization"},"potentialAction":[{"@type":"SearchAction","target":{"@type":"EntryPoint","urlTemplate":"https:\/\/infamousdivision.com\/ca\/?s={search_term_string}"},"query-input":{"@type":"PropertyValueSpecification","valueRequired":true,"valueName":"search_term_string"}}],"inLanguage":"ca"},{"@type":"Organization","@id":"https:\/\/infamousdivision.com\/ca\/#organization","name":"Infamous Division","url":"https:\/\/infamousdivision.com\/ca\/","logo":{"@type":"ImageObject","inLanguage":"ca","@id":"https:\/\/infamousdivision.com\/ca\/#\/schema\/logo\/image\/","url":"http:\/\/infamousdivision.com\/wp-content\/uploads\/2019\/06\/logo_net_classic_1080.jpg","contentUrl":"http:\/\/infamousdivision.com\/wp-content\/uploads\/2019\/06\/logo_net_classic_1080.jpg","width":1080,"height":1080,"caption":"Infamous Division"},"image":{"@id":"https:\/\/infamousdivision.com\/ca\/#\/schema\/logo\/image\/"},"sameAs":["https:\/\/www.facebook.com\/infamousdivisionbcn","https:\/\/www.instagram.com\/infamousdivision\/"]},{"@type":"Person","@id":"https:\/\/infamousdivision.com\/ca\/#\/schema\/person\/67bd9e6c8bafdd4967f96472e431de5c","name":"Infamous Division","image":{"@type":"ImageObject","inLanguage":"ca","@id":"https:\/\/secure.gravatar.com\/avatar\/3487e16d39db64a9ebfb93a2c1509c3db1dc35e4030d1f005f7f54c7c6f472d3?s=96&d=mm&r=g","url":"https:\/\/secure.gravatar.com\/avatar\/3487e16d39db64a9ebfb93a2c1509c3db1dc35e4030d1f005f7f54c7c6f472d3?s=96&d=mm&r=g","contentUrl":"https:\/\/secure.gravatar.com\/avatar\/3487e16d39db64a9ebfb93a2c1509c3db1dc35e4030d1f005f7f54c7c6f472d3?s=96&d=mm&r=g","caption":"Infamous Division"}}]}},"_links":{"self":[{"href":"https:\/\/infamousdivision.com\/ca\/wp-json\/wp\/v2\/posts\/503","targetHints":{"allow":["GET"]}}],"collection":[{"href":"https:\/\/infamousdivision.com\/ca\/wp-json\/wp\/v2\/posts"}],"about":[{"href":"https:\/\/infamousdivision.com\/ca\/wp-json\/wp\/v2\/types\/post"}],"author":[{"embeddable":true,"href":"https:\/\/infamousdivision.com\/ca\/wp-json\/wp\/v2\/users\/1"}],"replies":[{"embeddable":true,"href":"https:\/\/infamousdivision.com\/ca\/wp-json\/wp\/v2\/comments?post=503"}],"version-history":[{"count":0,"href":"https:\/\/infamousdivision.com\/ca\/wp-json\/wp\/v2\/posts\/503\/revisions"}],"wp:featuredmedia":[{"embeddable":true,"href":"https:\/\/infamousdivision.com\/ca\/wp-json\/wp\/v2\/media\/504"}],"wp:attachment":[{"href":"https:\/\/infamousdivision.com\/ca\/wp-json\/wp\/v2\/media?parent=503"}],"wp:term":[{"taxonomy":"category","embeddable":true,"href":"https:\/\/infamousdivision.com\/ca\/wp-json\/wp\/v2\/categories?post=503"},{"taxonomy":"post_tag","embeddable":true,"href":"https:\/\/infamousdivision.com\/ca\/wp-json\/wp\/v2\/tags?post=503"}],"curies":[{"name":"wp","href":"https:\/\/api.w.org\/{rel}","templated":true}]}}